{"id":12924,"date":"2026-04-24T13:51:23","date_gmt":"2026-04-24T11:51:23","guid":{"rendered":"https:\/\/www.ono-estetika.com\/?p=12924"},"modified":"2026-04-24T13:55:48","modified_gmt":"2026-04-24T11:55:48","slug":"injections-dacide-hyaluronique-pour-les-levres-en-suisse","status":"publish","type":"post","link":"https:\/\/www.ono-estetika.com\/fr\/injections-dacide-hyaluronique-pour-les-levres-en-suisse\/","title":{"rendered":"Injections d\u2019acide hyaluronique pour les l\u00e8vres en Suisse"},"content":{"rendered":"<div class=\"fusion-fullwidth fullwidth-box fusion-builder-row-1 fusion-flex-container has-pattern-background has-mask-background nonhundred-percent-fullwidth non-hundred-percent-height-scrolling\" style=\"--awb-border-radius-top-left:0px;--awb-border-radius-top-right:0px;--awb-border-radius-bottom-right:0px;--awb-border-radius-bottom-left:0px;--awb-flex-wrap:wrap;\" ><div class=\"fusion-builder-row fusion-row fusion-flex-align-items-flex-start fusion-flex-justify-content-flex-end fusion-flex-content-wrap\" style=\"max-width:1248px;margin-left: calc(-4% \/ 2 );margin-right: calc(-4% \/ 2 );\"><div class=\"fusion-layout-column fusion_builder_column fusion-builder-column-0 fusion_builder_column_2_3 2_3 fusion-flex-column article-blog-text-block-container\" style=\"--awb-bg-size:cover;--awb-width-large:66.666666666667%;--awb-margin-top-large:20px;--awb-spacing-right-large:2.88%;--awb-margin-bottom-large:20px;--awb-spacing-left-large:2.88%;--awb-width-medium:100%;--awb-order-medium:0;--awb-spacing-right-medium:1.92%;--awb-spacing-left-medium:1.92%;--awb-width-small:100%;--awb-order-small:0;--awb-spacing-right-small:1.92%;--awb-spacing-left-small:1.92%;\" data-scroll-devices=\"small-visibility,medium-visibility,large-visibility\"><div class=\"fusion-column-wrapper fusion-column-has-shadow fusion-flex-justify-content-flex-start fusion-content-layout-column\"><div class=\"fusion-title title fusion-title-1 fusion-title-text fusion-title-size-one\"><div class=\"title-sep-container title-sep-container-left fusion-no-large-visibility fusion-no-medium-visibility fusion-no-small-visibility\"><div class=\"title-sep sep- sep-solid\" style=\"border-color:var(--awb-color3);\"><\/div><\/div><span class=\"awb-title-spacer fusion-no-large-visibility fusion-no-medium-visibility fusion-no-small-visibility\"><\/span><h1 class=\"fusion-title-heading title-heading-left fusion-responsive-typography-calculated\" style=\"margin:0;text-transform:capitalize;--fontSize:30;line-height:var(--awb-typography1-line-height);\"><strong>Injections d\u2019acide hyaluronique pour les l\u00e8vres en Suisse : ce que la biologie explique, ce que la m\u00e9decine peut proposer<\/strong><\/h1><span class=\"awb-title-spacer\"><\/span><div class=\"title-sep-container title-sep-container-right\"><div class=\"title-sep sep- sep-solid\" style=\"border-color:var(--awb-color3);\"><\/div><\/div><\/div><div class=\"fusion-text fusion-text-1\"><p>Vos l\u00e8vres changent. Pas \u00e0 cause d\u2019un miroir cruel, ni d\u2019un filtre mal r\u00e9gl\u00e9. Simplement \u2014 parce que votre corps, lui, ne fait pas de pause. Et c\u2019est justement l\u00e0 que la m\u00e9decine esth\u00e9tique entre en sc\u00e8ne : pas pour transformer, mais pour comprendre. Et pour vous proposer, si vous le souhaitez, une r\u00e9ponse adapt\u00e9e.<\/p>\n<p>Dans nos cliniques \u00e0 Gen\u00e8ve et Sion, nous entendons r\u00e9guli\u00e8rement la m\u00eame phrase : \u00ab Je ne veux pas que \u00e7a se voie. Je veux juste que ce soit harmonieux. \u00bb<\/p>\n<p>Voici, sans jargon ni promesse excessive, ce que vous devriez savoir.<\/p>\n<\/div><div class=\"fusion-separator fusion-full-width-sep\" style=\"align-self: center;margin-left: auto;margin-right: auto;margin-top:0.75rem;margin-bottom:0.75rem;width:100%;\"><\/div><div class=\"fusion-title title fusion-title-2 fusion-title-text fusion-title-size-two\"><div class=\"title-sep-container title-sep-container-left fusion-no-large-visibility fusion-no-medium-visibility fusion-no-small-visibility\"><div class=\"title-sep sep- sep-solid\" style=\"border-color:var(--awb-color3);\"><\/div><\/div><span class=\"awb-title-spacer fusion-no-large-visibility fusion-no-medium-visibility fusion-no-small-visibility\"><\/span><h2 class=\"fusion-title-heading title-heading-left fusion-responsive-typography-calculated\" style=\"margin:0;text-transform:capitalize;--fontSize:22.5;line-height:var(--awb-typography2-line-height);\"><strong>Pourquoi les l\u00e8vres changent-elles avec l\u2019\u00e2ge \u2014 m\u00eame quand on se sent pleinement soi ?<\/strong><\/h2><span class=\"awb-title-spacer\"><\/span><div class=\"title-sep-container title-sep-container-right\"><div class=\"title-sep sep- sep-solid\" style=\"border-color:var(--awb-color3);\"><\/div><\/div><\/div><div class=\"fusion-text fusion-text-2\"><p>La r\u00e9ponse est biologique. Et elle commence bien plus t\u00f4t qu\u2019on ne le pense.<\/p>\n<p>D\u00e8s 25 ans, l\u2019organisme produit moins d\u2019acide hyaluronique, de collag\u00e8ne et d\u2019\u00e9lastine. Ce ne sont pas des signes de faiblesse. C\u2019est simplement la physiologie qui fait son chemin. Progressivement.<\/p>\n<p>Au niveau des l\u00e8vres, ces \u00e9volutions peuvent se traduire par :<\/p>\n<ul>\n<li>Une perte de volume progressive<\/li>\n<li>Un contour moins d\u00e9fini<\/li>\n<li>Une l\u00e8vre sup\u00e9rieure plus discr\u00e8te<\/li>\n<li>Une sensation de s\u00e9cheresse plus fr\u00e9quente<\/li>\n<\/ul>\n<p>Rien de dramatique. Juste un \u00e9quilibre qui change.<\/p>\n<p>Et pour certaines personnes, cela cr\u00e9e un d\u00e9calage : entre ce qu\u2019elles ressentent \u00e0 l\u2019int\u00e9rieur\u2026 et ce qu\u2019elles percoivent dans le miroir. Ce d\u00e9calage, c\u2019est souvent ce qui pousse \u00e0 consulter.<\/p>\n<\/div><div class=\"fusion-separator fusion-full-width-sep\" style=\"align-self: center;margin-left: auto;margin-right: auto;margin-top:0.75rem;margin-bottom:0.75rem;width:100%;\"><\/div><div class=\"fusion-title title fusion-title-3 fusion-title-text fusion-title-size-two\"><div class=\"title-sep-container title-sep-container-left fusion-no-large-visibility fusion-no-medium-visibility fusion-no-small-visibility\"><div class=\"title-sep sep- sep-solid\" style=\"border-color:var(--awb-color3);\"><\/div><\/div><span class=\"awb-title-spacer fusion-no-large-visibility fusion-no-medium-visibility fusion-no-small-visibility\"><\/span><h2 class=\"fusion-title-heading title-heading-left fusion-responsive-typography-calculated\" style=\"margin:0;text-transform:capitalize;--fontSize:22.5;line-height:var(--awb-typography2-line-height);\"><strong>Qu\u2019est-ce que l\u2019acide hyaluronique injectable pour les l\u00e8vres \u2014 et \u00e0 quoi sert-il vraiment ?<\/strong><\/h2><span class=\"awb-title-spacer\"><\/span><div class=\"title-sep-container title-sep-container-right\"><div class=\"title-sep sep- sep-solid\" style=\"border-color:var(--awb-color3);\"><\/div><\/div><\/div><div class=\"fusion-text fusion-text-3\"><p>L\u2019acide hyaluronique n\u2019est pas une invention moderne. Il est naturellement pr\u00e9sent dans votre organisme \u2014 dans vos articulations, votre peau, vos tissus.<\/p>\n<p><strong>Sa particularit\u00e9 ?<\/strong> Selon l\u2019American Academy of Dermatology, il peut retenir jusqu\u2019\u00e0 1\u00a0000 fois son poids en eau. C\u2019est ce qui en fait un acteur cl\u00e9 de l\u2019hydratation cutan\u00e9e.<\/p>\n<p>En m\u00e9decine esth\u00e9tique, il est utilis\u00e9 sous forme injectable pour des objectifs pr\u00e9cis :<\/p>\n<ul>\n<li>Restaurer un volume perdu<\/li>\n<li>Red\u00e9finir le contour et l\u2019arc de Cupidon<\/li>\n<li>Hydrater en profondeur<\/li>\n<li>Corriger de l\u00e9g\u00e8res asym\u00e9tries<\/li>\n<\/ul>\n<h3>Est-ce que le r\u00e9sultat est naturel ?<\/h3>\n<p>La r\u00e9alit\u00e9 est souvent bien plus subtile que l\u2019imaginaire collectif. Une injection bien r\u00e9alis\u00e9e ne cherche pas \u00e0 cr\u00e9er des l\u00e8vres de r\u00e9seaux sociaux. Elle vise l\u2019\u00e9quilibre, la proportion, le naturel.<\/p>\n<p><strong>Le r\u00e9sultat dure en moyenne 6 \u00e0 12 mois<\/strong>, selon le produit utilis\u00e9 et votre m\u00e9tabolisme. Il est modulable. Il est r\u00e9versible. Et surtout \u2014 il est progressif.<\/p>\n<\/div><div class=\"fusion-separator fusion-full-width-sep\" style=\"align-self: center;margin-left: auto;margin-right: auto;margin-top:0.75rem;margin-bottom:0.75rem;width:100%;\"><\/div><div class=\"fusion-title title fusion-title-4 fusion-title-text fusion-title-size-two\"><div class=\"title-sep-container title-sep-container-left fusion-no-large-visibility fusion-no-medium-visibility fusion-no-small-visibility\"><div class=\"title-sep sep- sep-solid\" style=\"border-color:var(--awb-color3);\"><\/div><\/div><span class=\"awb-title-spacer fusion-no-large-visibility fusion-no-medium-visibility fusion-no-small-visibility\"><\/span><h2 class=\"fusion-title-heading title-heading-left fusion-responsive-typography-calculated\" style=\"margin:0;text-transform:capitalize;--fontSize:22.5;line-height:var(--awb-typography2-line-height);\"><strong>En Suisse, comment les injections esth\u00e9tiques sont-elles encadr\u00e9es ?<\/strong><\/h2><span class=\"awb-title-spacer\"><\/span><div class=\"title-sep-container title-sep-container-right\"><div class=\"title-sep sep- sep-solid\" style=\"border-color:var(--awb-color3);\"><\/div><\/div><\/div><div class=\"fusion-text fusion-text-4\"><p>C\u2019est une question essentielle. Et la r\u00e9ponse est rassurante.<\/p>\n<p>En Suisse, les produits utilis\u00e9s lors d\u2019injections esth\u00e9tiques sont des dispositifs m\u00e9dicaux soumis \u00e0 des exigences r\u00e9glementaires strictes. Leur mise sur le march\u00e9 est encadr\u00e9e par Swissmedic (Institut suisse des produits th\u00e9rapeutiques), conform\u00e9ment \u00e0 la Loi sur les produits th\u00e9rapeutiques (LPTh).<\/p>\n<p>L\u2019exercice de la m\u00e9decine esth\u00e9tique est, quant \u00e0 lui, r\u00e9glement\u00e9 par les cantons. Ce cadre exigeant est une garantie pour les patients \u2014 et un engagement que nous prenons tr\u00e8s au s\u00e9rieux chez ONO Estetika, \u00e0 Gen\u00e8ve comme \u00e0 Sion.<\/p>\n<\/div><div class=\"fusion-separator fusion-full-width-sep\" style=\"align-self: center;margin-left: auto;margin-right: auto;margin-top:0.75rem;margin-bottom:0.75rem;width:100%;\"><\/div><div class=\"fusion-title title fusion-title-5 fusion-title-text fusion-title-size-two\"><div class=\"title-sep-container title-sep-container-left fusion-no-large-visibility fusion-no-medium-visibility fusion-no-small-visibility\"><div class=\"title-sep sep- sep-solid\" style=\"border-color:var(--awb-color3);\"><\/div><\/div><span class=\"awb-title-spacer fusion-no-large-visibility fusion-no-medium-visibility fusion-no-small-visibility\"><\/span><h2 class=\"fusion-title-heading title-heading-left fusion-responsive-typography-calculated\" style=\"margin:0;text-transform:capitalize;--fontSize:22.5;line-height:var(--awb-typography2-line-height);\"><strong>Comment se d\u00e9roule une consultation pour des injections de l\u00e8vres \u00e0 Gen\u00e8ve ou Sion ?<\/strong><\/h2><span class=\"awb-title-spacer\"><\/span><div class=\"title-sep-container title-sep-container-right\"><div class=\"title-sep sep- sep-solid\" style=\"border-color:var(--awb-color3);\"><\/div><\/div><\/div><div class=\"fusion-text fusion-text-5\"><p>Une s\u00e9ance dure en g\u00e9n\u00e9ral 20 \u00e0 30 minutes. En pratique :<\/p>\n<ul>\n<li>\u00c9valuation morphologique pr\u00e9alable et \u00e9coute de vos attentes<\/li>\n<li>Application d\u2019une anesth\u00e9sie locale<\/li>\n<li>Micro-injections cibl\u00e9es<\/li>\n<li>Suivi des jours suivants<\/li>\n<\/ul>\n<p>Un gonflement mod\u00e9r\u00e9 peut appara\u00eetre pendant quelques jours. Le r\u00e9sultat s\u2019\u00e9value r\u00e9ellement apr\u00e8s une semaine environ. Il est propre \u00e0 chaque patient et ne peut \u00eatre garanti \u00e0 l\u2019avance.<\/p>\n<h3>Peut-on associer l\u2019acide hyaluronique \u00e0 d\u2019autres traitements ?<\/h3>\n<p>Oui. Les injections de l\u00e8vres sont souvent combin\u00e9es \u00e0 d\u2019autres gestes de m\u00e9decine esth\u00e9tique \u2014 toxine botulique pour les rides p\u00e9rilabiales, skinbooster pour l\u2019hydratation globale du visage. C\u2019est ce qu\u2019on appelle une approche globale, personnalis\u00e9e, pens\u00e9e pour votre visage \u2014 pas un protocole standard.<\/p>\n<\/div><div class=\"fusion-separator fusion-full-width-sep\" style=\"align-self: center;margin-left: auto;margin-right: auto;margin-top:0.75rem;margin-bottom:0.75rem;width:100%;\"><\/div><div class=\"fusion-title title fusion-title-6 fusion-title-text fusion-title-size-two\"><div class=\"title-sep-container title-sep-container-left fusion-no-large-visibility fusion-no-medium-visibility fusion-no-small-visibility\"><div class=\"title-sep sep- sep-solid\" style=\"border-color:var(--awb-color3);\"><\/div><\/div><span class=\"awb-title-spacer fusion-no-large-visibility fusion-no-medium-visibility fusion-no-small-visibility\"><\/span><h2 class=\"fusion-title-heading title-heading-left fusion-responsive-typography-calculated\" style=\"margin:0;text-transform:capitalize;--fontSize:22.5;line-height:var(--awb-typography2-line-height);\"><strong>Quels sont les risques des injections d\u2019acide hyaluronique pour les l\u00e8vres ?<\/strong><\/h2><span class=\"awb-title-spacer\"><\/span><div class=\"title-sep-container title-sep-container-right\"><div class=\"title-sep sep- sep-solid\" style=\"border-color:var(--awb-color3);\"><\/div><\/div><\/div><div class=\"fusion-text fusion-text-6\"><p>Comme tout acte m\u00e9dical, les injections comportent des effets ind\u00e9sirables possibles. En Suisse, l\u2019information compl\u00e8te est obligatoirement d\u00e9livr\u00e9e par le m\u00e9decin lors de la consultation individuelle.<\/p>\n<h3>Effets secondaires fr\u00e9quents (et g\u00e9n\u00e9ralement transitoires)<\/h3>\n<ul>\n<li>\u0152d\u00e8me temporaire<\/li>\n<li>Ecchymoses<\/li>\n<li>Sensibilit\u00e9 locale<\/li>\n<\/ul>\n<h3>Complications plus rares<\/h3>\n<ul>\n<li>Formation de nodules<\/li>\n<li>Asym\u00e9trie<\/li>\n<li>Complications vasculaires (rares, mais n\u00e9cessitant une prise en charge m\u00e9dicale imm\u00e9diate)<\/li>\n<\/ul>\n<p>C\u2019est pour cette raison que le choix d\u2019un praticien form\u00e9, exp\u00e9riment\u00e9 et inscrit dans un cadre m\u00e9dical s\u00e9rieux est fondamental. Un contenu en ligne, aussi soign\u00e9 soit-il, ne remplace jamais cet \u00e9change.<\/p>\n<\/div><div class=\"fusion-separator fusion-full-width-sep\" style=\"align-self: center;margin-left: auto;margin-right: auto;margin-top:0.75rem;margin-bottom:0.75rem;width:100%;\"><\/div><div class=\"fusion-title title fusion-title-7 fusion-title-text fusion-title-size-two\"><div class=\"title-sep-container title-sep-container-left fusion-no-large-visibility fusion-no-medium-visibility fusion-no-small-visibility\"><div class=\"title-sep sep- sep-solid\" style=\"border-color:var(--awb-color3);\"><\/div><\/div><span class=\"awb-title-spacer fusion-no-large-visibility fusion-no-medium-visibility fusion-no-small-visibility\"><\/span><h2 class=\"fusion-title-heading title-heading-left fusion-responsive-typography-calculated\" style=\"margin:0;text-transform:capitalize;--fontSize:22.5;line-height:var(--awb-typography2-line-height);\"><strong>Injections ou pas : est-ce que l\u2019acide hyaluronique pour les l\u00e8vres vous correspond ?<\/strong><\/h2><span class=\"awb-title-spacer\"><\/span><div class=\"title-sep-container title-sep-container-right\"><div class=\"title-sep sep- sep-solid\" style=\"border-color:var(--awb-color3);\"><\/div><\/div><\/div><div class=\"fusion-text fusion-text-7\"><p>La vraie question n\u2019est pas \u00ab Faut-il le faire ? \u00bb<\/p>\n<p>La vraie question est : <strong>est-ce que cela correspond \u00e0 ce que vous souhaitez exprimer ?<\/strong><\/p>\n<p>Certaines personnes veulent corriger une asym\u00e9trie, retrouver un volume perdu, ou simplement r\u00e9\u00e9quilibrer leur sourire. D\u2019autres r\u00e9alisent qu\u2019un soin cosm\u00e9tique hydratant leur suffit. Les deux choix sont tout aussi l\u00e9gitimes.<\/p>\n<p>Il n\u2019existe pas de r\u00e9ponse universelle. Seulement une indication personnalis\u00e9e, \u00e9tablie apr\u00e8s une consultation approfondie avec un m\u00e9decin qualifi\u00e9.<\/p>\n<\/div><div class=\"fusion-separator fusion-full-width-sep\" style=\"align-self: center;margin-left: auto;margin-right: auto;margin-top:0.75rem;margin-bottom:0.75rem;width:100%;\"><\/div><div class=\"fusion-title title fusion-title-8 fusion-title-text fusion-title-size-two\"><div class=\"title-sep-container title-sep-container-left fusion-no-large-visibility fusion-no-medium-visibility fusion-no-small-visibility\"><div class=\"title-sep sep- sep-solid\" style=\"border-color:var(--awb-color3);\"><\/div><\/div><span class=\"awb-title-spacer fusion-no-large-visibility fusion-no-medium-visibility fusion-no-small-visibility\"><\/span><h2 class=\"fusion-title-heading title-heading-left fusion-responsive-typography-calculated\" style=\"margin:0;text-transform:capitalize;--fontSize:22.5;line-height:var(--awb-typography2-line-height);\"><strong>En r\u00e9sum\u00e9 : ce qu\u2019il faut retenir avant de consulter<\/strong><\/h2><span class=\"awb-title-spacer\"><\/span><div class=\"title-sep-container title-sep-container-right\"><div class=\"title-sep sep- sep-solid\" style=\"border-color:var(--awb-color3);\"><\/div><\/div><\/div><div class=\"fusion-text fusion-text-8\"><ul>\n<li>L\u2019acide hyaluronique est naturellement pr\u00e9sent dans l\u2019organisme<\/li>\n<li>Les injections permettent de restaurer un volume ou d\u2019am\u00e9liorer l\u2019hydratation localement<\/li>\n<li>Les effets durent en g\u00e9n\u00e9ral entre 6 et 12 mois (variable selon les individus)<\/li>\n<li>Les risques existent et doivent \u00eatre discut\u00e9s en consultation m\u00e9dicale<\/li>\n<li>En Suisse, ces actes sont r\u00e9glement\u00e9s par la LPTh et Swissmedic, et encadr\u00e9s par les cantons<\/li>\n<li>Une consultation individuelle avec un praticien habiit\u00e9 est indispensable<\/li>\n<\/ul>\n<\/div><\/div><\/div><div class=\"fusion-layout-column fusion_builder_column fusion-builder-column-1 fusion_builder_column_1_1 1_1 fusion-flex-column article-blog-text-block-container\" style=\"--awb-bg-size:cover;--awb-width-large:100%;--awb-margin-top-large:20px;--awb-spacing-right-large:1.92%;--awb-margin-bottom-large:20px;--awb-spacing-left-large:1.92%;--awb-width-medium:100%;--awb-order-medium:0;--awb-spacing-right-medium:1.92%;--awb-spacing-left-medium:1.92%;--awb-width-small:100%;--awb-order-small:0;--awb-spacing-right-small:1.92%;--awb-spacing-left-small:1.92%;\" data-scroll-devices=\"small-visibility,medium-visibility,large-visibility\"><div class=\"fusion-column-wrapper fusion-column-has-shadow fusion-flex-justify-content-flex-start fusion-content-layout-column\"><div class=\"fusion-builder-row fusion-builder-row-inner fusion-row fusion-flex-align-items-flex-start fusion-flex-justify-content-flex-end fusion-flex-content-wrap\" style=\"width:104% !important;max-width:104% !important;margin-left: calc(-4% \/ 2 );margin-right: calc(-4% \/ 2 );\"><div class=\"fusion-layout-column fusion_builder_column_inner fusion-builder-nested-column-0 fusion_builder_column_inner_1_3 1_3 fusion-flex-column\" style=\"--awb-bg-size:cover;--awb-width-large:33.333333333333%;--awb-margin-top-large:20px;--awb-spacing-right-large:5.76%;--awb-margin-bottom-large:20px;--awb-spacing-left-large:5.76%;--awb-width-medium:100%;--awb-order-medium:0;--awb-spacing-right-medium:1.92%;--awb-spacing-left-medium:1.92%;--awb-width-small:100%;--awb-order-small:0;--awb-spacing-right-small:1.92%;--awb-spacing-left-small:1.92%;\"><div class=\"fusion-column-wrapper fusion-column-has-shadow fusion-flex-justify-content-flex-start fusion-content-layout-column\"><\/div><\/div><div class=\"fusion-layout-column fusion_builder_column_inner fusion-builder-nested-column-1 fusion_builder_column_inner_2_3 2_3 fusion-flex-column\" style=\"--awb-bg-size:cover;--awb-width-large:66.666666666667%;--awb-margin-top-large:20px;--awb-spacing-right-large:2.88%;--awb-margin-bottom-large:20px;--awb-spacing-left-large:2.88%;--awb-width-medium:100%;--awb-order-medium:0;--awb-spacing-right-medium:1.92%;--awb-spacing-left-medium:1.92%;--awb-width-small:100%;--awb-order-small:0;--awb-spacing-right-small:1.92%;--awb-spacing-left-small:1.92%;\"><div class=\"fusion-column-wrapper fusion-column-has-shadow fusion-flex-justify-content-flex-start fusion-content-layout-column\"><\/div><\/div><\/div><div class=\"fusion-separator fusion-full-width-sep\" style=\"align-self: center;margin-left: auto;margin-right: auto;margin-bottom:10px;width:100%;\"><div class=\"fusion-separator-border sep-single sep-solid\" style=\"--awb-height:20px;--awb-amount:20px;border-color:var(--awb-color3);border-top-width:1px;\"><\/div><\/div><div class=\"fusion-text fusion-text-9\" style=\"--awb-font-size:var(--awb-typography5-font-size);--awb-line-height:var(--awb-typography5-line-height);--awb-letter-spacing:var(--awb-typography5-letter-spacing);--awb-text-transform:var(--awb-typography5-text-transform);--awb-text-font-family:var(--awb-typography5-font-family);--awb-text-font-weight:var(--awb-typography5-font-weight);--awb-text-font-style:var(--awb-typography5-font-style);\"><p><em>Information importante : ce contenu est informatif et ne remplace pas une consultation m\u00e9dicale. Toute proc\u00e9dure comporte des risques et n\u00e9cessite une \u00e9valuation par un m\u00e9decin qualifi\u00e9, information et consentement \u00e9clair\u00e9.<\/em><\/p>\n<\/div><\/div><\/div><\/div><\/div>\n","protected":false},"excerpt":{"rendered":"","protected":false},"author":15,"featured_media":12631,"comment_status":"open","ping_status":"open","sticky":false,"template":"","format":"standard","meta":{"_acf_changed":false,"footnotes":""},"categories":[203],"tags":[],"class_list":["post-12924","post","type-post","status-publish","format-standard","has-post-thumbnail","hentry","category-romandie"],"acf":[],"yoast_head":"<!-- This site is optimized with the Yoast SEO Premium plugin v24.5 (Yoast SEO v27.5) - https:\/\/yoast.com\/product\/yoast-seo-premium-wordpress\/ -->\n<title>Injections d\u2019acide hyaluronique pour les l\u00e8vres en Suisse - ono estetika<\/title>\n<meta name=\"description\" content=\"Zoom sur les injections d\u2019acide hyaluronique pour les l\u00e8vres. Conseils d&#039;experts, sp\u00e9cificit\u00e9s Gen\u00e8ve-Sion. ono estetika\" \/>\n<meta name=\"robots\" content=\"index, follow, max-snippet:-1, max-image-preview:large, max-video-preview:-1\" \/>\n<link rel=\"canonical\" href=\"https:\/\/www.ono-estetika.com\/fr\/injections-dacide-hyaluronique-pour-les-levres-en-suisse\/\" \/>\n<meta property=\"og:locale\" content=\"fr_FR\" \/>\n<meta property=\"og:type\" content=\"article\" \/>\n<meta property=\"og:title\" content=\"Injections d\u2019acide hyaluronique pour les l\u00e8vres en Suisse\" \/>\n<meta property=\"og:description\" content=\"Zoom sur les injections d\u2019acide hyaluronique pour les l\u00e8vres. Conseils d&#039;experts, sp\u00e9cificit\u00e9s Gen\u00e8ve-Sion. ono estetika\" \/>\n<meta property=\"og:url\" content=\"https:\/\/www.ono-estetika.com\/fr\/injections-dacide-hyaluronique-pour-les-levres-en-suisse\/\" \/>\n<meta property=\"og:site_name\" content=\"ono estetika\" \/>\n<meta property=\"article:publisher\" content=\"https:\/\/www.facebook.com\/onoestetika\" \/>\n<meta property=\"article:published_time\" content=\"2026-04-24T11:51:23+00:00\" \/>\n<meta property=\"article:modified_time\" content=\"2026-04-24T11:55:48+00:00\" \/>\n<meta property=\"og:image\" content=\"https:\/\/www.ono-estetika.com\/wp-content\/uploads\/2024\/01\/acide-hyaluronique-ono-estetika.jpg\" \/>\n\t<meta property=\"og:image:width\" content=\"1080\" \/>\n\t<meta property=\"og:image:height\" content=\"791\" \/>\n\t<meta property=\"og:image:type\" content=\"image\/jpeg\" \/>\n<meta name=\"author\" content=\"Swann Mayor\" \/>\n<meta name=\"twitter:card\" content=\"summary_large_image\" \/>\n<meta name=\"twitter:label1\" content=\"\u00c9crit par\" \/>\n\t<meta name=\"twitter:data1\" content=\"Swann Mayor\" \/>\n\t<meta name=\"twitter:label2\" content=\"Dur\u00e9e de lecture estim\u00e9e\" \/>\n\t<meta name=\"twitter:data2\" content=\"6 minutes\" \/>\n<script type=\"application\/ld+json\" class=\"yoast-schema-graph\">{\"@context\":\"https:\\\/\\\/schema.org\",\"@graph\":[{\"@type\":\"Article\",\"@id\":\"https:\\\/\\\/www.ono-estetika.com\\\/fr\\\/injections-dacide-hyaluronique-pour-les-levres-en-suisse\\\/#article\",\"isPartOf\":{\"@id\":\"https:\\\/\\\/www.ono-estetika.com\\\/fr\\\/injections-dacide-hyaluronique-pour-les-levres-en-suisse\\\/\"},\"author\":{\"name\":\"Swann Mayor\",\"@id\":\"https:\\\/\\\/www.ono-estetika.com\\\/fr\\\/#\\\/schema\\\/person\\\/01dcdb84169f316e91108ead88eea678\"},\"headline\":\"Injections d\u2019acide hyaluronique pour les l\u00e8vres en Suisse\",\"datePublished\":\"2026-04-24T11:51:23+00:00\",\"dateModified\":\"2026-04-24T11:55:48+00:00\",\"mainEntityOfPage\":{\"@id\":\"https:\\\/\\\/www.ono-estetika.com\\\/fr\\\/injections-dacide-hyaluronique-pour-les-levres-en-suisse\\\/\"},\"wordCount\":6401,\"commentCount\":0,\"publisher\":{\"@id\":\"https:\\\/\\\/www.ono-estetika.com\\\/fr\\\/#organization\"},\"image\":{\"@id\":\"https:\\\/\\\/www.ono-estetika.com\\\/fr\\\/injections-dacide-hyaluronique-pour-les-levres-en-suisse\\\/#primaryimage\"},\"thumbnailUrl\":\"https:\\\/\\\/www.ono-estetika.com\\\/wp-content\\\/uploads\\\/2024\\\/01\\\/acide-hyaluronique-ono-estetika.jpg\",\"articleSection\":[\"Romandie\"],\"inLanguage\":\"fr-FR\",\"potentialAction\":[{\"@type\":\"CommentAction\",\"name\":\"Comment\",\"target\":[\"https:\\\/\\\/www.ono-estetika.com\\\/fr\\\/injections-dacide-hyaluronique-pour-les-levres-en-suisse\\\/#respond\"]}]},{\"@type\":\"WebPage\",\"@id\":\"https:\\\/\\\/www.ono-estetika.com\\\/fr\\\/injections-dacide-hyaluronique-pour-les-levres-en-suisse\\\/\",\"url\":\"https:\\\/\\\/www.ono-estetika.com\\\/fr\\\/injections-dacide-hyaluronique-pour-les-levres-en-suisse\\\/\",\"name\":\"Injections d\u2019acide hyaluronique pour les l\u00e8vres en Suisse - ono estetika\",\"isPartOf\":{\"@id\":\"https:\\\/\\\/www.ono-estetika.com\\\/fr\\\/#website\"},\"primaryImageOfPage\":{\"@id\":\"https:\\\/\\\/www.ono-estetika.com\\\/fr\\\/injections-dacide-hyaluronique-pour-les-levres-en-suisse\\\/#primaryimage\"},\"image\":{\"@id\":\"https:\\\/\\\/www.ono-estetika.com\\\/fr\\\/injections-dacide-hyaluronique-pour-les-levres-en-suisse\\\/#primaryimage\"},\"thumbnailUrl\":\"https:\\\/\\\/www.ono-estetika.com\\\/wp-content\\\/uploads\\\/2024\\\/01\\\/acide-hyaluronique-ono-estetika.jpg\",\"datePublished\":\"2026-04-24T11:51:23+00:00\",\"dateModified\":\"2026-04-24T11:55:48+00:00\",\"description\":\"Zoom sur les injections d\u2019acide hyaluronique pour les l\u00e8vres. Conseils d'experts, sp\u00e9cificit\u00e9s Gen\u00e8ve-Sion. ono estetika\",\"breadcrumb\":{\"@id\":\"https:\\\/\\\/www.ono-estetika.com\\\/fr\\\/injections-dacide-hyaluronique-pour-les-levres-en-suisse\\\/#breadcrumb\"},\"inLanguage\":\"fr-FR\",\"potentialAction\":[{\"@type\":\"ReadAction\",\"target\":[\"https:\\\/\\\/www.ono-estetika.com\\\/fr\\\/injections-dacide-hyaluronique-pour-les-levres-en-suisse\\\/\"]}]},{\"@type\":\"ImageObject\",\"inLanguage\":\"fr-FR\",\"@id\":\"https:\\\/\\\/www.ono-estetika.com\\\/fr\\\/injections-dacide-hyaluronique-pour-les-levres-en-suisse\\\/#primaryimage\",\"url\":\"https:\\\/\\\/www.ono-estetika.com\\\/wp-content\\\/uploads\\\/2024\\\/01\\\/acide-hyaluronique-ono-estetika.jpg\",\"contentUrl\":\"https:\\\/\\\/www.ono-estetika.com\\\/wp-content\\\/uploads\\\/2024\\\/01\\\/acide-hyaluronique-ono-estetika.jpg\",\"width\":1080,\"height\":791},{\"@type\":\"BreadcrumbList\",\"@id\":\"https:\\\/\\\/www.ono-estetika.com\\\/fr\\\/injections-dacide-hyaluronique-pour-les-levres-en-suisse\\\/#breadcrumb\",\"itemListElement\":[{\"@type\":\"ListItem\",\"position\":1,\"name\":\"Accueil\",\"item\":\"https:\\\/\\\/www.ono-estetika.com\\\/fr\\\/\"},{\"@type\":\"ListItem\",\"position\":2,\"name\":\"Injections d\u2019acide hyaluronique pour les l\u00e8vres en Suisse\"}]},{\"@type\":\"WebSite\",\"@id\":\"https:\\\/\\\/www.ono-estetika.com\\\/fr\\\/#website\",\"url\":\"https:\\\/\\\/www.ono-estetika.com\\\/fr\\\/\",\"name\":\"ono estetika\",\"description\":\"M\u00e9decine et chirurgie esth\u00e9tique\",\"publisher\":{\"@id\":\"https:\\\/\\\/www.ono-estetika.com\\\/fr\\\/#organization\"},\"potentialAction\":[{\"@type\":\"SearchAction\",\"target\":{\"@type\":\"EntryPoint\",\"urlTemplate\":\"https:\\\/\\\/www.ono-estetika.com\\\/fr\\\/?s={search_term_string}\"},\"query-input\":{\"@type\":\"PropertyValueSpecification\",\"valueRequired\":true,\"valueName\":\"search_term_string\"}}],\"inLanguage\":\"fr-FR\"},{\"@type\":\"Organization\",\"@id\":\"https:\\\/\\\/www.ono-estetika.com\\\/fr\\\/#organization\",\"name\":\"ono estetika\",\"url\":\"https:\\\/\\\/www.ono-estetika.com\\\/fr\\\/\",\"logo\":{\"@type\":\"ImageObject\",\"inLanguage\":\"fr-FR\",\"@id\":\"https:\\\/\\\/www.ono-estetika.com\\\/fr\\\/#\\\/schema\\\/logo\\\/image\\\/\",\"url\":\"https:\\\/\\\/www.ono-estetika.com\\\/wp-content\\\/uploads\\\/2023\\\/11\\\/Estetika-logo-marron.svg\",\"contentUrl\":\"https:\\\/\\\/www.ono-estetika.com\\\/wp-content\\\/uploads\\\/2023\\\/11\\\/Estetika-logo-marron.svg\",\"width\":1510.5,\"height\":474,\"caption\":\"ono estetika\"},\"image\":{\"@id\":\"https:\\\/\\\/www.ono-estetika.com\\\/fr\\\/#\\\/schema\\\/logo\\\/image\\\/\"},\"sameAs\":[\"https:\\\/\\\/www.facebook.com\\\/onoestetika\",\"https:\\\/\\\/www.instagram.com\\\/onoestetika\",\"https:\\\/\\\/www.tiktok.com\\\/@onoestetika\",\"https:\\\/\\\/www.linkedin.com\\\/company\\\/ono-estetika\\\/\"]},{\"@type\":\"Person\",\"@id\":\"https:\\\/\\\/www.ono-estetika.com\\\/fr\\\/#\\\/schema\\\/person\\\/01dcdb84169f316e91108ead88eea678\",\"name\":\"Swann Mayor\",\"url\":\"https:\\\/\\\/www.ono-estetika.com\\\/fr\\\/author\\\/swann\\\/\"}]}<\/script>\n<!-- \/ Yoast SEO Premium plugin. -->","yoast_head_json":{"title":"Injections d\u2019acide hyaluronique pour les l\u00e8vres en Suisse - ono estetika","description":"Zoom sur les injections d\u2019acide hyaluronique pour les l\u00e8vres. Conseils d'experts, sp\u00e9cificit\u00e9s Gen\u00e8ve-Sion. ono estetika","robots":{"index":"index","follow":"follow","max-snippet":"max-snippet:-1","max-image-preview":"max-image-preview:large","max-video-preview":"max-video-preview:-1"},"canonical":"https:\/\/www.ono-estetika.com\/fr\/injections-dacide-hyaluronique-pour-les-levres-en-suisse\/","og_locale":"fr_FR","og_type":"article","og_title":"Injections d\u2019acide hyaluronique pour les l\u00e8vres en Suisse","og_description":"Zoom sur les injections d\u2019acide hyaluronique pour les l\u00e8vres. Conseils d'experts, sp\u00e9cificit\u00e9s Gen\u00e8ve-Sion. ono estetika","og_url":"https:\/\/www.ono-estetika.com\/fr\/injections-dacide-hyaluronique-pour-les-levres-en-suisse\/","og_site_name":"ono estetika","article_publisher":"https:\/\/www.facebook.com\/onoestetika","article_published_time":"2026-04-24T11:51:23+00:00","article_modified_time":"2026-04-24T11:55:48+00:00","og_image":[{"width":1080,"height":791,"url":"https:\/\/www.ono-estetika.com\/wp-content\/uploads\/2024\/01\/acide-hyaluronique-ono-estetika.jpg","type":"image\/jpeg"}],"author":"Swann Mayor","twitter_card":"summary_large_image","twitter_misc":{"\u00c9crit par":"Swann Mayor","Dur\u00e9e de lecture estim\u00e9e":"6 minutes"},"schema":{"@context":"https:\/\/schema.org","@graph":[{"@type":"Article","@id":"https:\/\/www.ono-estetika.com\/fr\/injections-dacide-hyaluronique-pour-les-levres-en-suisse\/#article","isPartOf":{"@id":"https:\/\/www.ono-estetika.com\/fr\/injections-dacide-hyaluronique-pour-les-levres-en-suisse\/"},"author":{"name":"Swann Mayor","@id":"https:\/\/www.ono-estetika.com\/fr\/#\/schema\/person\/01dcdb84169f316e91108ead88eea678"},"headline":"Injections d\u2019acide hyaluronique pour les l\u00e8vres en Suisse","datePublished":"2026-04-24T11:51:23+00:00","dateModified":"2026-04-24T11:55:48+00:00","mainEntityOfPage":{"@id":"https:\/\/www.ono-estetika.com\/fr\/injections-dacide-hyaluronique-pour-les-levres-en-suisse\/"},"wordCount":6401,"commentCount":0,"publisher":{"@id":"https:\/\/www.ono-estetika.com\/fr\/#organization"},"image":{"@id":"https:\/\/www.ono-estetika.com\/fr\/injections-dacide-hyaluronique-pour-les-levres-en-suisse\/#primaryimage"},"thumbnailUrl":"https:\/\/www.ono-estetika.com\/wp-content\/uploads\/2024\/01\/acide-hyaluronique-ono-estetika.jpg","articleSection":["Romandie"],"inLanguage":"fr-FR","potentialAction":[{"@type":"CommentAction","name":"Comment","target":["https:\/\/www.ono-estetika.com\/fr\/injections-dacide-hyaluronique-pour-les-levres-en-suisse\/#respond"]}]},{"@type":"WebPage","@id":"https:\/\/www.ono-estetika.com\/fr\/injections-dacide-hyaluronique-pour-les-levres-en-suisse\/","url":"https:\/\/www.ono-estetika.com\/fr\/injections-dacide-hyaluronique-pour-les-levres-en-suisse\/","name":"Injections d\u2019acide hyaluronique pour les l\u00e8vres en Suisse - ono estetika","isPartOf":{"@id":"https:\/\/www.ono-estetika.com\/fr\/#website"},"primaryImageOfPage":{"@id":"https:\/\/www.ono-estetika.com\/fr\/injections-dacide-hyaluronique-pour-les-levres-en-suisse\/#primaryimage"},"image":{"@id":"https:\/\/www.ono-estetika.com\/fr\/injections-dacide-hyaluronique-pour-les-levres-en-suisse\/#primaryimage"},"thumbnailUrl":"https:\/\/www.ono-estetika.com\/wp-content\/uploads\/2024\/01\/acide-hyaluronique-ono-estetika.jpg","datePublished":"2026-04-24T11:51:23+00:00","dateModified":"2026-04-24T11:55:48+00:00","description":"Zoom sur les injections d\u2019acide hyaluronique pour les l\u00e8vres. Conseils d'experts, sp\u00e9cificit\u00e9s Gen\u00e8ve-Sion. ono estetika","breadcrumb":{"@id":"https:\/\/www.ono-estetika.com\/fr\/injections-dacide-hyaluronique-pour-les-levres-en-suisse\/#breadcrumb"},"inLanguage":"fr-FR","potentialAction":[{"@type":"ReadAction","target":["https:\/\/www.ono-estetika.com\/fr\/injections-dacide-hyaluronique-pour-les-levres-en-suisse\/"]}]},{"@type":"ImageObject","inLanguage":"fr-FR","@id":"https:\/\/www.ono-estetika.com\/fr\/injections-dacide-hyaluronique-pour-les-levres-en-suisse\/#primaryimage","url":"https:\/\/www.ono-estetika.com\/wp-content\/uploads\/2024\/01\/acide-hyaluronique-ono-estetika.jpg","contentUrl":"https:\/\/www.ono-estetika.com\/wp-content\/uploads\/2024\/01\/acide-hyaluronique-ono-estetika.jpg","width":1080,"height":791},{"@type":"BreadcrumbList","@id":"https:\/\/www.ono-estetika.com\/fr\/injections-dacide-hyaluronique-pour-les-levres-en-suisse\/#breadcrumb","itemListElement":[{"@type":"ListItem","position":1,"name":"Accueil","item":"https:\/\/www.ono-estetika.com\/fr\/"},{"@type":"ListItem","position":2,"name":"Injections d\u2019acide hyaluronique pour les l\u00e8vres en Suisse"}]},{"@type":"WebSite","@id":"https:\/\/www.ono-estetika.com\/fr\/#website","url":"https:\/\/www.ono-estetika.com\/fr\/","name":"ono estetika","description":"M\u00e9decine et chirurgie esth\u00e9tique","publisher":{"@id":"https:\/\/www.ono-estetika.com\/fr\/#organization"},"potentialAction":[{"@type":"SearchAction","target":{"@type":"EntryPoint","urlTemplate":"https:\/\/www.ono-estetika.com\/fr\/?s={search_term_string}"},"query-input":{"@type":"PropertyValueSpecification","valueRequired":true,"valueName":"search_term_string"}}],"inLanguage":"fr-FR"},{"@type":"Organization","@id":"https:\/\/www.ono-estetika.com\/fr\/#organization","name":"ono estetika","url":"https:\/\/www.ono-estetika.com\/fr\/","logo":{"@type":"ImageObject","inLanguage":"fr-FR","@id":"https:\/\/www.ono-estetika.com\/fr\/#\/schema\/logo\/image\/","url":"https:\/\/www.ono-estetika.com\/wp-content\/uploads\/2023\/11\/Estetika-logo-marron.svg","contentUrl":"https:\/\/www.ono-estetika.com\/wp-content\/uploads\/2023\/11\/Estetika-logo-marron.svg","width":1510.5,"height":474,"caption":"ono estetika"},"image":{"@id":"https:\/\/www.ono-estetika.com\/fr\/#\/schema\/logo\/image\/"},"sameAs":["https:\/\/www.facebook.com\/onoestetika","https:\/\/www.instagram.com\/onoestetika","https:\/\/www.tiktok.com\/@onoestetika","https:\/\/www.linkedin.com\/company\/ono-estetika\/"]},{"@type":"Person","@id":"https:\/\/www.ono-estetika.com\/fr\/#\/schema\/person\/01dcdb84169f316e91108ead88eea678","name":"Swann Mayor","url":"https:\/\/www.ono-estetika.com\/fr\/author\/swann\/"}]}},"_links":{"self":[{"href":"https:\/\/www.ono-estetika.com\/fr\/wp-json\/wp\/v2\/posts\/12924","targetHints":{"allow":["GET"]}}],"collection":[{"href":"https:\/\/www.ono-estetika.com\/fr\/wp-json\/wp\/v2\/posts"}],"about":[{"href":"https:\/\/www.ono-estetika.com\/fr\/wp-json\/wp\/v2\/types\/post"}],"author":[{"embeddable":true,"href":"https:\/\/www.ono-estetika.com\/fr\/wp-json\/wp\/v2\/users\/15"}],"replies":[{"embeddable":true,"href":"https:\/\/www.ono-estetika.com\/fr\/wp-json\/wp\/v2\/comments?post=12924"}],"version-history":[{"count":1,"href":"https:\/\/www.ono-estetika.com\/fr\/wp-json\/wp\/v2\/posts\/12924\/revisions"}],"predecessor-version":[{"id":12925,"href":"https:\/\/www.ono-estetika.com\/fr\/wp-json\/wp\/v2\/posts\/12924\/revisions\/12925"}],"wp:featuredmedia":[{"embeddable":true,"href":"https:\/\/www.ono-estetika.com\/fr\/wp-json\/wp\/v2\/media\/12631"}],"wp:attachment":[{"href":"https:\/\/www.ono-estetika.com\/fr\/wp-json\/wp\/v2\/media?parent=12924"}],"wp:term":[{"taxonomy":"category","embeddable":true,"href":"https:\/\/www.ono-estetika.com\/fr\/wp-json\/wp\/v2\/categories?post=12924"},{"taxonomy":"post_tag","embeddable":true,"href":"https:\/\/www.ono-estetika.com\/fr\/wp-json\/wp\/v2\/tags?post=12924"}],"curies":[{"name":"wp","href":"https:\/\/api.w.org\/{rel}","templated":true}]}}